{"id":5047,"date":"2025-07-22T14:44:00","date_gmt":"2025-07-22T21:44:00","guid":{"rendered":"https:\/\/bajafilmcommission.com\/?p=5047"},"modified":"2025-08-25T16:28:35","modified_gmt":"2025-08-25T23:28:35","slug":"lanzamiento-de-convocatoria-concurso-de-cortometraje-juvenil-2025","status":"publish","type":"post","link":"https:\/\/bajafilmcommission.com\/en\/lanzamiento-de-convocatoria-concurso-de-cortometraje-juvenil-2025\/","title":{"rendered":"CALL FOR ENTRIES \u2013 2025 YOUTH SHORT FILM CONTEST"},"content":{"rendered":"<p>Tijuana, Baja California, Mexico. \u2013 As part of <em>Youth Month,<\/em>the Youth Institute of the State of Baja California launches the call for entries for the <strong>2025 Youth Short Film Contest,<\/strong>aiming to promote creativity, critical thinking, and audiovisual expression as tools for social transformation.<\/p>\n\n\n\n<p>The call is open to young people between <strong>12 and 29 years old<\/strong> who reside in the state. Participants may enter individually or as a team. Short films must be <strong>3 to 5 minutes long<\/strong>presented in Spanish, and must address one of the proposed themes, which revolve around the emotional, social, and identity-related challenges that youth face today.<\/p>\n\n\n\n<h3 class=\"wp-block-heading\"><strong>MAIN CONTEST THEMES:<\/strong><\/h3>\n\n\n\n<p><strong>Let\u2019s Talk About Anxiety, Understanding Depression, A Life with Value, Self-Control, Being a Woman in Mexico, Sexuality, Zero Violence, and Stay Away from Drugs \u2013 Choose Your Path.<\/strong><\/p>\n\n\n\n<p>From mental health awareness to gender equality and violence prevention, each of these topics aims to spark dialogue and raise collective awareness through the cinematic language. Audiovisual storytelling becomes a powerful tool for change, allowing youth to share experiences, strengthen their identity, and help create more empathetic and safer environments.<\/p>\n\n\n\n<h3 class=\"wp-block-heading\"><strong>IMPORTANT DATES:<\/strong><\/h3>\n\n\n\n<ul class=\"wp-block-list\"><li><strong>Submission deadline:<\/strong> Friday, August 22, 2025<br><\/li><li><strong>Awards &amp; screening event:<\/strong> Friday, August 29, 2025<br><\/li><li><strong>Venue:<\/strong> State Center for the Arts (CEART), Playas de Rosarito, Baja California<br><\/li><\/ul>\n\n\n\n<h3 class=\"wp-block-heading\"><strong>CATEGORIES:<\/strong><\/h3>\n\n\n\n<ul class=\"wp-block-list\"><li><strong>Junior:<\/strong> Ages 12 to 18<br><\/li><li><strong>Senior:<\/strong> Ages 19 to 29<br><\/li><\/ul>\n\n\n\n<p>The top three entries in each category will be awarded. All participants will receive a certificate of recognition for their contribution.<\/p>\n\n\n\n<h3 class=\"wp-block-heading\"><strong>REQUIREMENTS:<\/strong><\/h3>\n\n\n\n<ul class=\"wp-block-list\"><li>Copy of a valid ID<\/li><li>CURP (Unique Population Registry Code)<\/li><li>Proof of address<\/li><li>Proof of academic enrollment (if applicable)<\/li><li>Birth certificate (for minors) <\/li><\/ul>\n\n\n\n<p><em>Full details and registration information can be found in the complete call for entries.<\/em><\/p>\n\n\n\n<h3 class=\"wp-block-heading\"><strong>INFORMATION &amp; CONTACT:<\/strong><\/h3>\n\n\n\n<p><a href=\"mailto:cortometraje.juventudescbc@gmail.com\">cortometraje.juventudescbc@gmail.com<\/a><br>haaron.juventudesbc@gmail.com<br>686-568-4009 Ext. 105 \/ 686-568-4115 Ext. 105<\/p>","protected":false},"excerpt":{"rendered":"<p>Tijuana, Baja California, M\u00e9xico.\u2013 En el marco del Mes de la Juventud, el Instituto de la Juventud del Estado de Baja California lanza la convocatoria al Concurso de Cortometraje Juvenil 2025, con el objetivo de fomentar la creatividad, el pensamiento cr\u00edtico y la expresi\u00f3n audiovisual como herramientas de transformaci\u00f3n social. La convocatoria est\u00e1 dirigida a [&hellip;]<\/p>","protected":false},"author":2,"featured_media":5048,"comment_status":"closed","ping_status":"open","sticky":false,"template":"","format":"standard","meta":{"om_disable_all_campaigns":false,"footnotes":""},"categories":[141],"tags":[],"class_list":["post-5047","post","type-post","status-publish","format-standard","has-post-thumbnail","hentry","category-eventos","clearfix"],"_links":{"self":[{"href":"https:\/\/bajafilmcommission.com\/en\/wp-json\/wp\/v2\/posts\/5047","targetHints":{"allow":["GET"]}}],"collection":[{"href":"https:\/\/bajafilmcommission.com\/en\/wp-json\/wp\/v2\/posts"}],"about":[{"href":"https:\/\/bajafilmcommission.com\/en\/wp-json\/wp\/v2\/types\/post"}],"author":[{"embeddable":true,"href":"https:\/\/bajafilmcommission.com\/en\/wp-json\/wp\/v2\/users\/2"}],"replies":[{"embeddable":true,"href":"https:\/\/bajafilmcommission.com\/en\/wp-json\/wp\/v2\/comments?post=5047"}],"version-history":[{"count":2,"href":"https:\/\/bajafilmcommission.com\/en\/wp-json\/wp\/v2\/posts\/5047\/revisions"}],"predecessor-version":[{"id":5050,"href":"https:\/\/bajafilmcommission.com\/en\/wp-json\/wp\/v2\/posts\/5047\/revisions\/5050"}],"wp:featuredmedia":[{"embeddable":true,"href":"https:\/\/bajafilmcommission.com\/en\/wp-json\/wp\/v2\/media\/5048"}],"wp:attachment":[{"href":"https:\/\/bajafilmcommission.com\/en\/wp-json\/wp\/v2\/media?parent=5047"}],"wp:term":[{"taxonomy":"category","embeddable":true,"href":"https:\/\/bajafilmcommission.com\/en\/wp-json\/wp\/v2\/categories?post=5047"},{"taxonomy":"post_tag","embeddable":true,"href":"https:\/\/bajafilmcommission.com\/en\/wp-json\/wp\/v2\/tags?post=5047"}],"curies":[{"name":"wp","href":"https:\/\/api.w.org\/{rel}","templated":true}]}}