{"id":4681,"date":"2022-10-04T12:10:00","date_gmt":"2022-10-04T19:10:00","guid":{"rendered":"https:\/\/bajafilmcommission.com\/?p=4681"},"modified":"2022-10-05T18:38:11","modified_gmt":"2022-10-06T01:38:11","slug":"realizan-sesion-de-emergente-bc-con-cut-universidad-y-centro-de-estudios-cinematograficos-de-baja-california","status":"publish","type":"post","link":"https:\/\/bajafilmcommission.com\/en\/realizan-sesion-de-emergente-bc-con-cut-universidad-y-centro-de-estudios-cinematograficos-de-baja-california\/","title":{"rendered":"EMERGENTE BC SESSION WITH CUT UNIVERSITY AND CENTER FOR FILM STUDIES OF BAJA CALIFORNIA"},"content":{"rendered":"<ul class=\"wp-block-list\"><li>For the first time a documentary feature film created by students of CUT University was screened within the cycle.<\/li><li>EMERGENTE BC will continue with the October session dedicated to the students of the Universidad Iberoamericana<\/li><\/ul>\n\n\n\n<p>The EMERGENTE BC sessions for the month of September corresponding to the works of CUT Universidad de Tijuana and the Center for Cinematographic Studies of Baja California were held at the Carlos Monsiv\u00e1is Cineteca of the Tijuana Cultural Center (CECUT), as well as reported the Director of Creative Industries of the Ministry of Economy and Innovation (SEI), Abelardo V\u00e1zquez Ramos.<\/p>\n\n\n\n<p>En el caso de CUT Universidad fueron los alumnos de la Licenciatura en Comunicaci\u00f3n y Publicidad quienes, producto de la asignatura de producci\u00f3n audiovisual a cargo de Israel J\u00e1come, presentaron un largometraje documental titulado \u201cATIPIKXS\u201d, del cual la directora Karla Lizet Garc\u00eda Gonz\u00e1lez encabez\u00f3 un equipo conformado por Myrna Alejandra G\u00f3mez Mill\u00e1n, Francisco Javier Rivas Peraza e Iv\u00e1n Xavier Navarro Calleja, en producci\u00f3n; Paulina Contreras Santiago, en edici\u00f3n; e Ian Yerik Ulloa Baltazar, en dise\u00f1o de cr\u00e9ditos.<\/p>\n\n\n\n<p>\u201cATIPIKXS\u201d includes testimonies from four young people from the LGBTQIA+ community: Javier Rivas, Paulina Contreras, Dar\u00edo de Jes\u00fas and Cristal L\u00e1zaro, as well as material taken from the 2022 Gay Pride March in Tijuana.<\/p>\n\n\n\n<blockquote class=\"wp-block-quote is-layout-flow wp-block-quote-is-layout-flow\"><p>The director of this audiovisual work highlighted: \u201cthe meaning we found was that they are people who deviate from the standards set by a society, something that we consider fits with the LGBTQIA+ community due to the struggle they have always had to be treated with the same respect and live with the same freedom\u201d.<\/p><\/blockquote>\n\n\n\n<p>For their part, the graduates of the audiovisual production from the Center for Cinematographic Studies of Baja California presented their projects entitled \u201cSuspiro\u201d, directed by Jazmin Malagarga; \u201cEsp\u00edtitu Profundo\u201d, by Omar Pulido; \u201cClandestina\u201d, by Bianca Verduzco; \u201cThe Clown\u201d, by Jos\u00e9 Segundo; Jerry Sosa's \u201cBrothers Heat\u201d; and the special presentation of \"(Sin T\u00edtulo) La Historia de la Poli\", by Julio Blanco, and \"Vete!\", by Zaizar Habacuc, the latter also part of the Baja California showcase as a guest state within the film festival Shorts Mexico 2022.<\/p>\n\n\n\n<blockquote class=\"wp-block-quote is-layout-flow wp-block-quote-is-layout-flow\"><p>\"We are very pleased to continue presenting, with the support of CECUT, the students' work in a professional format and that for the first time a feature film has been screened, it is undoubtedly a sample of the enormous talent that exists in the classroom,\" Javier Espinoza, Baja Film Commissioner.<\/p><\/blockquote>\n\n\n\n<p>EMERGENTE BC continues on October 27 with the exhibition of the works of the Communication Degree of the Universidad Iberoamericana.<\/p>","protected":false},"excerpt":{"rendered":"<p>Por primera vez se exhibi\u00f3 un largometraje documental dentro del ciclo y fue realizado por alumnos de CUT Universidad Campus Oriente EMERGENTE BC continuar\u00e1 con la sesi\u00f3n del mes de octubre dedicada a los alumnos de la Universidad Iberoamericana Tijuana, Baja California, M\u00e9xico.- Se llevaron a cabo las sesiones de EMERGENTE BC del mes de [&hellip;]<\/p>","protected":false},"author":2,"featured_media":4682,"comment_status":"closed","ping_status":"closed","sticky":false,"template":"","format":"standard","meta":{"om_disable_all_campaigns":false,"footnotes":""},"categories":[126,130],"tags":[135,140],"class_list":["post-4681","post","type-post","status-publish","format-standard","has-post-thumbnail","hentry","category-escuelas","category-muestra","tag-emergente","tag-emergentebc","clearfix"],"_links":{"self":[{"href":"https:\/\/bajafilmcommission.com\/en\/wp-json\/wp\/v2\/posts\/4681","targetHints":{"allow":["GET"]}}],"collection":[{"href":"https:\/\/bajafilmcommission.com\/en\/wp-json\/wp\/v2\/posts"}],"about":[{"href":"https:\/\/bajafilmcommission.com\/en\/wp-json\/wp\/v2\/types\/post"}],"author":[{"embeddable":true,"href":"https:\/\/bajafilmcommission.com\/en\/wp-json\/wp\/v2\/users\/2"}],"replies":[{"embeddable":true,"href":"https:\/\/bajafilmcommission.com\/en\/wp-json\/wp\/v2\/comments?post=4681"}],"version-history":[{"count":3,"href":"https:\/\/bajafilmcommission.com\/en\/wp-json\/wp\/v2\/posts\/4681\/revisions"}],"predecessor-version":[{"id":4686,"href":"https:\/\/bajafilmcommission.com\/en\/wp-json\/wp\/v2\/posts\/4681\/revisions\/4686"}],"wp:featuredmedia":[{"embeddable":true,"href":"https:\/\/bajafilmcommission.com\/en\/wp-json\/wp\/v2\/media\/4682"}],"wp:attachment":[{"href":"https:\/\/bajafilmcommission.com\/en\/wp-json\/wp\/v2\/media?parent=4681"}],"wp:term":[{"taxonomy":"category","embeddable":true,"href":"https:\/\/bajafilmcommission.com\/en\/wp-json\/wp\/v2\/categories?post=4681"},{"taxonomy":"post_tag","embeddable":true,"href":"https:\/\/bajafilmcommission.com\/en\/wp-json\/wp\/v2\/tags?post=4681"}],"curies":[{"name":"wp","href":"https:\/\/api.w.org\/{rel}","templated":true}]}}