{"id":4574,"date":"2022-05-04T15:00:00","date_gmt":"2022-05-04T22:00:00","guid":{"rendered":"https:\/\/bajafilmcommission.com\/?p=4574"},"modified":"2026-03-04T11:58:01","modified_gmt":"2026-03-04T19:58:01","slug":"se-lleva-a-cabo-emergente-bc-con-cortometrajes-de-la-universidad-de-las-californias-internacional","status":"publish","type":"post","link":"https:\/\/bajafilmcommission.com\/en\/se-lleva-a-cabo-emergente-bc-con-cortometrajes-de-la-universidad-de-las-californias-internacional\/","title":{"rendered":"EMERGENTE BC IS CARRIED OUT WITH SHORT FILMS FROM THE UNIVERSITY OF CALIFORNIAS INTERNATIONAL"},"content":{"rendered":"<ul class=\"wp-block-list\"><li>Short films by film students are screened.<\/li><\/ul>\n\n\n\n<p>Tijuana, Baja California.- As part of the Emergente BC (Emerging BC) program that monthly exhibits university projects at the Carlos Monsiv\u00e1is Cinematheque in the Tijuana Cultural Center (CECUT), ten short films created by students of the Cinematography Degree at the University of the Californias International (UDCI) were screened, as reported by Abelardo V\u00e1zquez Ramos, Director of Creative Industries of the Ministry of Economy and Innovation.<\/p>\n\n\n\n<p>The titles presented were: \u201cNo s\u00e9 c\u00f3mo decirte esto pero, \u00bfte acuerdas de tu amigo?\u201d directed by Rodolfo Mora; \u201cRomero\u201d by Chelsea Soria and Diana Campos; \u201cDespu\u00e9s de ti\u201d by Monserrat Camacho; \u201cLa otra\u201d by Midalia Soto; \u201cLegi\u00f3n ext\u00e1tica de monjas demacradas de faz hier\u00e1tica\u201d by  Ulises Mart\u00ednez and Valeria Fern\u00e1ndez; \u201cLa carta\u201d by Ariel Rangel; \u201cM\u00fasica para desaparecer\u201d by Marti Ch\u00e1vez; \u201cBaquetas\u201d by Luis \u00c1ngel Prado; \u201cHematofobia\u201d by Andrea \u00c1lvarez and Axel Puente; y \u201cPesadilla en la calle jengibre\u201d by Omar Ventura and Enrique Aguirre.<\/p>\n\n\n\n<p>The short films included various genres, techniques, and formats such as mockumentary, documentary, suspense, drama, and stop-motion, and after their screening, a question and answer session was held with the directors, some of whom had already graduated from the institution. \"This program is designed so that students from various schools begin to socialize their projects,\" said Javier Espinoza, Baja Film Commissioner who created the Emergente BC program, which prior to its sessions at the Carlos Monsiv\u00e1is Cinematheque, were held in a brewery in the city of Tijuana.<\/p>\n\n\n\n<p>He added that the activities of the program were suspended due to the contingency caused by COVID-19, and during that pause some exhibitions were held digitally through FilminLatino, but now that face-to-face activities can be carried out with the due sanitary measures, support was requested from CECUT and it granted the space for the universities.<\/p>\n\n\n\n<p>Emergente BC will continue with its monthly programming with the participation of the works of the students of the Bachelor of Audiovisual Media of the Faculty of Arts of the Autonomous University of Baja California (UABC) Campus Mexicali, on May 26, at 6:00 p.m.<\/p>","protected":false},"excerpt":{"rendered":"<p>Proyectan cortometrajes de alumnos de cinematograf\u00eda Tijuana, Baja California.- Como parte del programa Emergente BC que mensualmente exhibe proyectos universitarios en la Cineteca Carlos Monsiv\u00e1is del Centro Cultural Tijuana, (CECUT), se proyectaron diez cortometrajes creados por alumnos de la Licenciatura de Cinematograf\u00eda de la Universidad de las Californias Internacional (UDCI), as\u00ed lo inform\u00f3 Abelardo V\u00e1zquez [&hellip;]<\/p>","protected":false},"author":2,"featured_media":4576,"comment_status":"closed","ping_status":"open","sticky":false,"template":"","format":"standard","meta":{"om_disable_all_campaigns":false,"footnotes":""},"categories":[71,126,130],"tags":[72,135,134],"class_list":["post-4574","post","type-post","status-publish","format-standard","has-post-thumbnail","hentry","category-cine","category-escuelas","category-muestra","tag-cine","tag-emergente","tag-escuelas","clearfix"],"_links":{"self":[{"href":"https:\/\/bajafilmcommission.com\/en\/wp-json\/wp\/v2\/posts\/4574","targetHints":{"allow":["GET"]}}],"collection":[{"href":"https:\/\/bajafilmcommission.com\/en\/wp-json\/wp\/v2\/posts"}],"about":[{"href":"https:\/\/bajafilmcommission.com\/en\/wp-json\/wp\/v2\/types\/post"}],"author":[{"embeddable":true,"href":"https:\/\/bajafilmcommission.com\/en\/wp-json\/wp\/v2\/users\/2"}],"replies":[{"embeddable":true,"href":"https:\/\/bajafilmcommission.com\/en\/wp-json\/wp\/v2\/comments?post=4574"}],"version-history":[{"count":1,"href":"https:\/\/bajafilmcommission.com\/en\/wp-json\/wp\/v2\/posts\/4574\/revisions"}],"predecessor-version":[{"id":4575,"href":"https:\/\/bajafilmcommission.com\/en\/wp-json\/wp\/v2\/posts\/4574\/revisions\/4575"}],"wp:featuredmedia":[{"embeddable":true,"href":"https:\/\/bajafilmcommission.com\/en\/wp-json\/wp\/v2\/media\/4576"}],"wp:attachment":[{"href":"https:\/\/bajafilmcommission.com\/en\/wp-json\/wp\/v2\/media?parent=4574"}],"wp:term":[{"taxonomy":"category","embeddable":true,"href":"https:\/\/bajafilmcommission.com\/en\/wp-json\/wp\/v2\/categories?post=4574"},{"taxonomy":"post_tag","embeddable":true,"href":"https:\/\/bajafilmcommission.com\/en\/wp-json\/wp\/v2\/tags?post=4574"}],"curies":[{"name":"wp","href":"https:\/\/api.w.org\/{rel}","templated":true}]}}