{"id":4406,"date":"2021-09-22T17:00:50","date_gmt":"2021-09-23T00:00:50","guid":{"rendered":"https:\/\/bajafilmcommission.com\/?p=4406"},"modified":"2026-03-04T11:31:32","modified_gmt":"2026-03-04T19:31:32","slug":"llega-canacine-a-baja-california","status":"publish","type":"post","link":"https:\/\/bajafilmcommission.com\/en\/llega-canacine-a-baja-california\/","title":{"rendered":"CANACINE OPENS A DELEGATION IN BAJA CALIFORNIA"},"content":{"rendered":"<ul class=\"wp-block-list\"><li>The chamber will be headed by producer Walter von Borstel and will become the sixth delegation within the country.<\/li><li>CANACINE will promote the development of specialized suppliers, in addition to giving workshops and certifications.<\/li><\/ul>\n\n\n\n<p>The installation of the delegation of the National Chamber of the Cinematographic Industry (CANACINE) Baja California was announced, which will be headed by producer Walter von Borstel Salas. With the virtual presence of its National President, Fernando de Fuentes and the Director of the Mexican Institute of Cinematography (IMCINE), Mar\u00eda Novaro, it was reported that the main objective is to contribute to the economic recovery and the promotion of cinema and audiovisual as part of the development of creative industries in the State.<\/p>\n\n\n\n<p>The board of directors is made up of von Borstel as president; Laura Arvizu, secretary; Juan Madrigal, treasurer; Alfredo Gonz\u00e1lez, advisor; and Karla Fierro as coordinator. Tabata Vilar, CANACINE\u2019s National Director, indicated that this is the association's sixth delegation, joining those in Mexico City, Jalisco, Puebla, Nuevo Le\u00f3n and Tabasco.<\/p>\n\n\n\n<p>Javier Espinoza, Baja California Film Commissioner welcomed this initiative to the State, emphasizing that the decentralization of organizations focused on audiovisual production in Mexico should not remain in the discourse and this is a step towards achieving it, \u201cnot only it is the duty of government institutions, private initiative must also participate \u201d, he indicated.<\/p>\n\n\n\n<p>Vilar mentioned that the success of this initiative is conditioned on the participation of companies and the services they offer in the State, which will be accompanied by the CANACINE Delegation with specialized workshops and courses.<\/p>\n\n\n\n<p>We are at a particular time, with a lot of demand for content and we must take advantage of it, said von Borstel. \"This initiative comes at the best moment, in the economic recovery and the promotion of cinema and audiovisual as part of the development of the creative industries,\" he added.<\/p>\n\n\n\n<p>CANACINE Baja California's work plan consists of supporting the development of specialized suppliers and joining the certification and standardization activities of labor competencies, which is a constant effort of the chamber at the national level.<\/p>","protected":false},"excerpt":{"rendered":"<p>La c\u00e1mara ser\u00e1 encabezada por el productor Walter von Borstel y se convertir\u00e1 en la sexta delegaci\u00f3n a nivel nacional. CANACINE promover\u00e1 el desarrollo de proveedur\u00eda especializada, adem\u00e1s de la impartici\u00f3n de talleres y certificaciones. Se anunci\u00f3 la instalaci\u00f3n de la delegaci\u00f3n de la C\u00e1mara Nacional de la Industria Cinematogr\u00e1fica (CANACINE) Baja California, la cual [&hellip;]<\/p>","protected":false},"author":2,"featured_media":4407,"comment_status":"closed","ping_status":"open","sticky":false,"template":"","format":"standard","meta":{"om_disable_all_campaigns":false,"footnotes":""},"categories":[71],"tags":[72,120],"class_list":["post-4406","post","type-post","status-publish","format-standard","has-post-thumbnail","hentry","category-cine","tag-cine","tag-eventos","clearfix"],"_links":{"self":[{"href":"https:\/\/bajafilmcommission.com\/en\/wp-json\/wp\/v2\/posts\/4406","targetHints":{"allow":["GET"]}}],"collection":[{"href":"https:\/\/bajafilmcommission.com\/en\/wp-json\/wp\/v2\/posts"}],"about":[{"href":"https:\/\/bajafilmcommission.com\/en\/wp-json\/wp\/v2\/types\/post"}],"author":[{"embeddable":true,"href":"https:\/\/bajafilmcommission.com\/en\/wp-json\/wp\/v2\/users\/2"}],"replies":[{"embeddable":true,"href":"https:\/\/bajafilmcommission.com\/en\/wp-json\/wp\/v2\/comments?post=4406"}],"version-history":[{"count":1,"href":"https:\/\/bajafilmcommission.com\/en\/wp-json\/wp\/v2\/posts\/4406\/revisions"}],"predecessor-version":[{"id":4409,"href":"https:\/\/bajafilmcommission.com\/en\/wp-json\/wp\/v2\/posts\/4406\/revisions\/4409"}],"wp:featuredmedia":[{"embeddable":true,"href":"https:\/\/bajafilmcommission.com\/en\/wp-json\/wp\/v2\/media\/4407"}],"wp:attachment":[{"href":"https:\/\/bajafilmcommission.com\/en\/wp-json\/wp\/v2\/media?parent=4406"}],"wp:term":[{"taxonomy":"category","embeddable":true,"href":"https:\/\/bajafilmcommission.com\/en\/wp-json\/wp\/v2\/categories?post=4406"},{"taxonomy":"post_tag","embeddable":true,"href":"https:\/\/bajafilmcommission.com\/en\/wp-json\/wp\/v2\/tags?post=4406"}],"curies":[{"name":"wp","href":"https:\/\/api.w.org\/{rel}","templated":true}]}}