{"id":4223,"date":"2021-03-01T12:00:19","date_gmt":"2021-03-01T20:00:19","guid":{"rendered":"https:\/\/bajafilmcommission.com\/?p=4223"},"modified":"2026-03-04T11:29:54","modified_gmt":"2026-03-04T19:29:54","slug":"directores-baja-californianos-participan-en-san-diego-latino-film-festival","status":"publish","type":"post","link":"https:\/\/bajafilmcommission.com\/en\/directores-baja-californianos-participan-en-san-diego-latino-film-festival\/","title":{"rendered":"DIRECTORES BAJA CALIFORNIANOS PARTICIPAN EN SAN DIEGO LATINO FILM FESTIVAL"},"content":{"rendered":"<p>Tijuana, Baja California, 1 de Marzo, 2021.- Un largometraje, una presentaci\u00f3n en concierto y seis cortometrajes hechos por directores bajacalifornianos fueron incluidos en la selecci\u00f3n de la edici\u00f3n 28 del San Diego Latino Film Festival dentro de la secci\u00f3n Frontera Filmmakers, as\u00ed lo inform\u00f3 el Secretario de Econom\u00eda Sustentable y Turismo, Lic. Mario Escobedo Carignan. Este festival tendr\u00e1 un formato hibrido entre presencial y virtual, y se celebrar\u00e1 del 11 al 21 de Marzo del presente a\u00f1o.<\/p>\n\n\n\n<p>\u201cTijuana, I Love You\u201d, el cuarto largometraje del ensenadense Ren\u00e9 Bueno, que consiste en una antolog\u00eda que interpreta la vida moderna de Tijuana haciendo una analog\u00eda de los siete pecados capitales, fue producido por Bueno y Barbarella Pardo y ha sido seleccionado en diversos festivales alrededor del mundo, donde ha recibido varios premios incluidos Mejor Largometraje en el 1st. Monthly Film Festival en Serbia y en el Canadian Cinematography Awards donde adem\u00e1s fue reconocido el cinefot\u00f3grafo Alberto Lee.<\/p>\n\n\n\n<p>De la misma forma, \u201cHoras de Expreso\u201d de Marlon Morales, seleccionado previamente en el Festival de Cine de Tamat\u00e1n, tambi\u00e9n participar\u00e1 en San Diego, al igual que los cortometrajes \u201cRiders\u201d de Diana Trejo, \u201cCochi\u201d de Aldo Mel\u00e9ndrez y \u201cAnxxiedad en Tiempos de COVID\u201d de Mario Velasco.<\/p>\n\n\n\n<p>\u201cPerd\u00f3n\u201d de Arturo Campos, que form\u00f3 parte de la antolog\u00eda de cineminutos \u201cDesayuno Continental, Vol. 1: Generaciones\u201d fue seleccionado, al igual que \u201cOtro A\u00f1o Sin Ti\u201d de Sebasti\u00e1n Del Callejo que tuvo su premiere en las sesiones de Talento Emergente organizadas por la Comisi\u00f3n de Cinematograf\u00eda de Baja California y que previamente particip\u00f3 en los festivales Lift-Off Global Network, Y\u00e9cora, Corto Creativo de UDCI y Baja California International Film Festival.<\/p>\n\n\n\n<p>Tambi\u00e9n se llevar\u00e1 a cabo una presentaci\u00f3n virtual de \u201cMaija Awi: Concierto Campo Alaska\u201d de Pepe Mogt, el m\u00fasico fundador del colectivo Nortec, y que fue filmado en el desierto de Baja California.<\/p>","protected":false},"excerpt":{"rendered":"<p>Tijuana, Baja California, 1 de Marzo, 2021.- Un largometraje, una presentaci\u00f3n en concierto y seis cortometrajes hechos por directores bajacalifornianos fueron incluidos en la selecci\u00f3n de la edici\u00f3n 28 del San Diego Latino Film Festival dentro de la secci\u00f3n Frontera Filmmakers, as\u00ed lo inform\u00f3 el Secretario de Econom\u00eda Sustentable y Turismo, Lic. Mario Escobedo Carignan. [&hellip;]<\/p>","protected":false},"author":2,"featured_media":4280,"comment_status":"closed","ping_status":"open","sticky":false,"template":"","format":"standard","meta":{"om_disable_all_campaigns":false,"footnotes":""},"categories":[71],"tags":[],"class_list":["post-4223","post","type-post","status-publish","format-standard","has-post-thumbnail","hentry","category-cine","clearfix"],"_links":{"self":[{"href":"https:\/\/bajafilmcommission.com\/en\/wp-json\/wp\/v2\/posts\/4223","targetHints":{"allow":["GET"]}}],"collection":[{"href":"https:\/\/bajafilmcommission.com\/en\/wp-json\/wp\/v2\/posts"}],"about":[{"href":"https:\/\/bajafilmcommission.com\/en\/wp-json\/wp\/v2\/types\/post"}],"author":[{"embeddable":true,"href":"https:\/\/bajafilmcommission.com\/en\/wp-json\/wp\/v2\/users\/2"}],"replies":[{"embeddable":true,"href":"https:\/\/bajafilmcommission.com\/en\/wp-json\/wp\/v2\/comments?post=4223"}],"version-history":[{"count":1,"href":"https:\/\/bajafilmcommission.com\/en\/wp-json\/wp\/v2\/posts\/4223\/revisions"}],"predecessor-version":[{"id":4226,"href":"https:\/\/bajafilmcommission.com\/en\/wp-json\/wp\/v2\/posts\/4223\/revisions\/4226"}],"wp:featuredmedia":[{"embeddable":true,"href":"https:\/\/bajafilmcommission.com\/en\/wp-json\/wp\/v2\/media\/4280"}],"wp:attachment":[{"href":"https:\/\/bajafilmcommission.com\/en\/wp-json\/wp\/v2\/media?parent=4223"}],"wp:term":[{"taxonomy":"category","embeddable":true,"href":"https:\/\/bajafilmcommission.com\/en\/wp-json\/wp\/v2\/categories?post=4223"},{"taxonomy":"post_tag","embeddable":true,"href":"https:\/\/bajafilmcommission.com\/en\/wp-json\/wp\/v2\/tags?post=4223"}],"curies":[{"name":"wp","href":"https:\/\/api.w.org\/{rel}","templated":true}]}}