{"id":4209,"date":"2021-02-09T12:00:44","date_gmt":"2021-02-09T20:00:44","guid":{"rendered":"https:\/\/bajafilmcommission.com\/?p=4209"},"modified":"2026-03-04T11:29:21","modified_gmt":"2026-03-04T19:29:21","slug":"los-fundadores-pelicula-filmada-en-tijuana-tendra-su-estreno-mundial-en-ficunam","status":"publish","type":"post","link":"https:\/\/bajafilmcommission.com\/en\/los-fundadores-pelicula-filmada-en-tijuana-tendra-su-estreno-mundial-en-ficunam\/","title":{"rendered":"\"LOS FUNDADORES\", A MOVIE FILMED IN TIJUANA, WILL HAVE ITS WORLD PREMIERE AT FICUNAM"},"content":{"rendered":"<p><\/p>\n\n\n\n<ul class=\"wp-block-list\"><li>The movie was filmed in 2019, the story is about three college students.\n\u201cLos Fundadores\u201d is the debut feature by Diego Hern\u00e1ndez, who also produces it with Melissa Casta\u00f1eda.<\/li><li>\u201cLos Fundadores\u201d es la \u00f3pera prima de Diego Hern\u00e1ndez, quien tambi\u00e9n la produce junto a Melissa Casta\u00f1eda.<\/li><\/ul>\n\n\n\n<p>Tijuana, B.C., February 9, 2021. - The Autonomous University of Mexico International Film Festival (FICUNAM) announced the world premiere of \u201cLos Fundadores\u201d (\u201cThe Founders\u201d) within the official selection of its eleventh edition. This is a feature film directed by Diego Hern\u00e1ndez filmed entirely in Tijuana, as reported by Mario Escobedo Carignan, Secretary of Sustainable Economy and Tourism.<\/p>\n\n\n\n<p>The film was helmed at the end of 2019 in Baja California, and had its post-production during the confinement caused by the global pandemic. \"Los Fundadores\" is part of the section \"Ahora Mexico\" and lasts 62 minutes and tells the story of three university students named Renee, Andr\u00e9s and Diego. Regarding the selection, the director said: \u201cWe are very happy. We are proud to be able to premiere our film in a space focused on contemporary auteur cinema. FICUNAM has been very important for our training as filmmakers, due to its programming line and its various spaces for reflection on cinema\u201d<\/p>\n\n\n\n<p>Diego Hern\u00e1ndez recently managed the exhibition of the anthology of shortfilms titled \u201cContinental Breakfast, Vol. 1: Generations\u201d exhibited on the FilminLatino digital platform. Prior to this, he directed the shortfilms \u201cAusencia\u201d (2018), \u201cDocumental para mis compas\u201d (2019) and \u201cVicario (o mi tercer intento de hacer cine)\u201d (2020), which participated in various international festivals. \"Los Fundadores\" is produced by the director and Melissa Casta\u00f1eda.<\/p>\n\n\n\n<p>The 2021 edition of FICUNAM will be featured online from March 18 to 28 and includes Mexican titles in the \u201cAhora Mexico\u201d section, some in co-production with other countries, and with a diversity of film genres, including fiction and documentary. The rest of the programming includes international film premieres, retrospectives, and a section dedicated to Latin American film schools.&nbsp;<\/p>","protected":false},"excerpt":{"rendered":"<p>La pel\u00edcula se film\u00f3 en 2019 y cuenta la historia de tres estudiantes universitarios. \u201cLos Fundadores\u201d es la \u00f3pera prima de Diego Hern\u00e1ndez, quien tambi\u00e9n la produce junto a Melissa Casta\u00f1eda. Tijuana, B.C., 9 de Febrero, 2021.- El Festival Internacional de Cine de la Universidad Aut\u00f3noma de M\u00e9xico (FICUNAM) anunci\u00f3 que dentro de la selecci\u00f3n [&hellip;]<\/p>","protected":false},"author":2,"featured_media":4211,"comment_status":"closed","ping_status":"open","sticky":false,"template":"","format":"standard","meta":{"om_disable_all_campaigns":false,"footnotes":""},"categories":[71],"tags":[],"class_list":["post-4209","post","type-post","status-publish","format-standard","has-post-thumbnail","hentry","category-cine","clearfix"],"_links":{"self":[{"href":"https:\/\/bajafilmcommission.com\/en\/wp-json\/wp\/v2\/posts\/4209","targetHints":{"allow":["GET"]}}],"collection":[{"href":"https:\/\/bajafilmcommission.com\/en\/wp-json\/wp\/v2\/posts"}],"about":[{"href":"https:\/\/bajafilmcommission.com\/en\/wp-json\/wp\/v2\/types\/post"}],"author":[{"embeddable":true,"href":"https:\/\/bajafilmcommission.com\/en\/wp-json\/wp\/v2\/users\/2"}],"replies":[{"embeddable":true,"href":"https:\/\/bajafilmcommission.com\/en\/wp-json\/wp\/v2\/comments?post=4209"}],"version-history":[{"count":1,"href":"https:\/\/bajafilmcommission.com\/en\/wp-json\/wp\/v2\/posts\/4209\/revisions"}],"predecessor-version":[{"id":4210,"href":"https:\/\/bajafilmcommission.com\/en\/wp-json\/wp\/v2\/posts\/4209\/revisions\/4210"}],"wp:featuredmedia":[{"embeddable":true,"href":"https:\/\/bajafilmcommission.com\/en\/wp-json\/wp\/v2\/media\/4211"}],"wp:attachment":[{"href":"https:\/\/bajafilmcommission.com\/en\/wp-json\/wp\/v2\/media?parent=4209"}],"wp:term":[{"taxonomy":"category","embeddable":true,"href":"https:\/\/bajafilmcommission.com\/en\/wp-json\/wp\/v2\/categories?post=4209"},{"taxonomy":"post_tag","embeddable":true,"href":"https:\/\/bajafilmcommission.com\/en\/wp-json\/wp\/v2\/tags?post=4209"}],"curies":[{"name":"wp","href":"https:\/\/api.w.org\/{rel}","templated":true}]}}