{"id":4189,"date":"2020-12-08T12:00:46","date_gmt":"2020-12-08T20:00:46","guid":{"rendered":"https:\/\/bajafilmcommission.com\/?p=4189"},"modified":"2026-03-04T11:27:56","modified_gmt":"2026-03-04T19:27:56","slug":"la-secretaria-de-economia-sustentable-y-turismo-de-baja-california-presenta-programa-emergente-bc-en-filminlatino","status":"publish","type":"post","link":"https:\/\/bajafilmcommission.com\/en\/la-secretaria-de-economia-sustentable-y-turismo-de-baja-california-presenta-programa-emergente-bc-en-filminlatino\/","title":{"rendered":"BAJA CALIFORNIA'S SECRETARIAT FOR SUSTAINABLE ECONOMY AND TOURISM PRESENTS \u201cEMERGENTE BC\u201d PROGRAM AT FILMINLATINO."},"content":{"rendered":"<p>Tijuana, BC, December 8, 2020.- The Secretary of Sustainable Economy and Tourism, through its Minister, Mario Escobedo Carignan, announced that the 'EMERGENTE BC' program will be launched, consisting of an exhibition of an anthology of short films created by state filmmakers based in the municipality of Tijuana, being this the continuation of the program called \u201cEmerging Talent\u201d.&nbsp;<\/p>\n\n\n\n<p>\"EMERGENTE BC\", will be supervised by the Baja Film Commission in charge of Javier Espinoza. In the first face-to-face block, almost 50 short films created by students from Tijuana universities were presented and were screened at the Mamut Brewery at the beginning of 2020, prior to the contingency caused by COVID-19, as was announced by the head of the area.<\/p>\n\n\n\n<p>It will be through the FilminLatino website, dependent on the Mexican Institute of Cinematography, where this anthology called \u201cDesayuno Continental, Vol. 1: Generaciones\u201d (\"Continental Breakfast Vol. 1: Generations\") will be presented. The platform currently has more than 260,000 registered users.<\/p>\n\n\n\n<blockquote class=\"wp-block-quote is-layout-flow wp-block-quote-is-layout-flow\"><p>According to the production company Violeta, the anthology, arises with the idea of \u200b\u200bgenerating a community and support network among emerging filmmakers in the city of Tijuana, seeking the opportunity to produce films under any production scheme, thus giving priority to the ideas and views of those who develop it.<\/p><\/blockquote>\n\n\n\n<p>This exhibition will start from January 8 to 15, 2021, through the filminlatino.mx platform and there will also be a question and answer section on January 13 and 14, 2021 through the Baja Film Commission Facebook, where the directors of the anthology will be attending.<\/p>\n\n\n\n<p>During the question and answer session, the following directors will be present: Andr\u00e9s Madrue\u00f1o, Erika Doble G., Diego Hern\u00e1ndez, Areli Ponce, Alejandra Moreno, Marlon Morales, Liye Rivera-Melo, Arturo Campos, Daniel Bautista, Jorge Garc\u00eda, Marco Fregoso and Enrique Martinez Apodaca.<\/p>","protected":false},"excerpt":{"rendered":"<p>Tijuana, B.C., a 8 de diciembre 2020.- La Secretar\u00eda de Econom\u00eda Sustentable y Turismo a trav\u00e9s de su titular el Lic. Mario Escobedo Carignan, anunci\u00f3 que se lanzar\u00e1 el programa \u2018EMERGENTE BC\u2019, consistente en una exhibici\u00f3n de antolog\u00eda de cineminutos creados por cineastas del estado radicados en el municipio de Tijuana, siendo \u00e9ste la continuaci\u00f3n [&hellip;]<\/p>","protected":false},"author":2,"featured_media":4200,"comment_status":"closed","ping_status":"open","sticky":false,"template":"","format":"standard","meta":{"om_disable_all_campaigns":false,"footnotes":""},"categories":[71],"tags":[],"class_list":["post-4189","post","type-post","status-publish","format-standard","has-post-thumbnail","hentry","category-cine","clearfix"],"_links":{"self":[{"href":"https:\/\/bajafilmcommission.com\/en\/wp-json\/wp\/v2\/posts\/4189","targetHints":{"allow":["GET"]}}],"collection":[{"href":"https:\/\/bajafilmcommission.com\/en\/wp-json\/wp\/v2\/posts"}],"about":[{"href":"https:\/\/bajafilmcommission.com\/en\/wp-json\/wp\/v2\/types\/post"}],"author":[{"embeddable":true,"href":"https:\/\/bajafilmcommission.com\/en\/wp-json\/wp\/v2\/users\/2"}],"replies":[{"embeddable":true,"href":"https:\/\/bajafilmcommission.com\/en\/wp-json\/wp\/v2\/comments?post=4189"}],"version-history":[{"count":1,"href":"https:\/\/bajafilmcommission.com\/en\/wp-json\/wp\/v2\/posts\/4189\/revisions"}],"predecessor-version":[{"id":4190,"href":"https:\/\/bajafilmcommission.com\/en\/wp-json\/wp\/v2\/posts\/4189\/revisions\/4190"}],"wp:featuredmedia":[{"embeddable":true,"href":"https:\/\/bajafilmcommission.com\/en\/wp-json\/wp\/v2\/media\/4200"}],"wp:attachment":[{"href":"https:\/\/bajafilmcommission.com\/en\/wp-json\/wp\/v2\/media?parent=4189"}],"wp:term":[{"taxonomy":"category","embeddable":true,"href":"https:\/\/bajafilmcommission.com\/en\/wp-json\/wp\/v2\/categories?post=4189"},{"taxonomy":"post_tag","embeddable":true,"href":"https:\/\/bajafilmcommission.com\/en\/wp-json\/wp\/v2\/tags?post=4189"}],"curies":[{"name":"wp","href":"https:\/\/api.w.org\/{rel}","templated":true}]}}